{"id":469,"date":"2022-08-31T10:53:59","date_gmt":"2022-08-31T13:53:59","guid":{"rendered":"https:\/\/www.unifan.edu.br\/unifan\/remanso\/?p=469"},"modified":"2022-08-31T10:55:57","modified_gmt":"2022-08-31T13:55:57","slug":"docentes-e-academicos-da-faculdade-alfredo-nasser-de-remanso-produzem-obra-sobre-praticas-docentes-e-aprendizagem","status":"publish","type":"post","link":"https:\/\/www.unifan.edu.br\/unifan\/remanso\/2022\/08\/31\/docentes-e-academicos-da-faculdade-alfredo-nasser-de-remanso-produzem-obra-sobre-praticas-docentes-e-aprendizagem\/","title":{"rendered":"Docentes e acad\u00eamicos da Faculdade Alfredo Nasser de Remanso produzem obra sobre Pr\u00e1ticas Docentes e Aprendizagem"},"content":{"rendered":"\n<p>Durante o primeiro semestre de 2022 alunos dos cursos de Ci\u00eancias Cont\u00e1beis, Pedagogia e Administra\u00e7\u00e3o da Faculdade Alfredo Nasser \u2013 Remanso trabalharam na elabora\u00e7\u00e3o de artigos sobre a educa\u00e7\u00e3o na atualidade. A iniciativa foi orientada&nbsp; pela professora Sileide Mendes, coordenadora dos cursos de Pedagogia e Matem\u00e1tica da institui\u00e7\u00e3o, contando com a colabora\u00e7\u00e3o da Professora Hudmilla Arag\u00e3o e da egressa Paulina dos Passos.<\/p>\n\n\n<div class=\"wp-block-image\">\n<figure class=\"alignright size-full is-resized\"><img loading=\"lazy\" decoding=\"async\" src=\"https:\/\/www.unifan.edu.br\/unifan\/remanso\/wp-content\/uploads\/sites\/3\/2022\/08\/Sileide.jpg\" alt=\"\" class=\"wp-image-473\" width=\"159\" height=\"233\" srcset=\"https:\/\/www.unifan.edu.br\/unifan\/remanso\/wp-content\/uploads\/sites\/3\/2022\/08\/Sileide.jpg 377w, https:\/\/www.unifan.edu.br\/unifan\/remanso\/wp-content\/uploads\/sites\/3\/2022\/08\/Sileide-205x300.jpg 205w\" sizes=\"auto, (max-width: 159px) 100vw, 159px\" \/><figcaption><em>Professora Sileide Mendes: &#8220;Este Ebook conta com trabalhos cient\u00edficos de diferentes \u00e1reas da Educa\u00e7\u00e3o&#8221;<\/em><\/figcaption><\/figure><\/div>\n\n\n<p>O resultado desse trabalho foi a produ\u00e7\u00e3o de um Ebook intitulado \u201cEduca\u00e7\u00e3o Atual: Pr\u00e1ticas Docentes e Aprendizagem\u201d , publicado no m\u00eas de agosto pela editora Union. (<a href=\"https:\/\/www.editoraunion.com.br\/2022\/08\/educacao-atual-praticas-docentes-e.html\">https:\/\/www.editoraunion.com.br\/2022\/08\/educacao-atual-praticas-docentes-e.html<\/a>)<\/p>\n\n\n\n<p>\u201cEste Ebook conta com trabalhos cient\u00edficos de diferentes \u00e1reas da Educa\u00e7\u00e3o, contabilizando contribui\u00e7\u00f5es de diversos autores. \u00c9 poss\u00edvel verificar a utiliza\u00e7\u00e3o de muitas metodologias de pesquisa aplicadas, assim como uma variedade de objetos de estudo. Desta forma, esta publica\u00e7\u00e3o tem como um dos objetivos, garantir a reuni\u00e3o e visibilidade destes conte\u00fados cient\u00edficos por meio de um canal de comunica\u00e7\u00e3o prefer\u00edvel de muitos leitores\u201d, explica a professora Sileide Mendes.<\/p>\n\n\n\n<p><\/p>\n\n\n\n<p><strong>Acad\u00eamicos que apresentaram artigos<\/strong><\/p>\n\n\n\n<p><\/p>\n\n\n\n<p>Anderson Liberato Gomes (Ci\u00eancias Cont\u00e1beis)<\/p>\n\n\n\n<p>Aucileia da Costa Santos (Pedagogia)<\/p>\n\n\n\n<p>C\u00edcera Maria de Melo Silva (Pedagogia)<\/p>\n\n\n\n<p>La\u00eds dos Santos Ferreira (Pedagogia)<\/p>\n\n\n\n<p>La\u00eds Saavedra Santos (Pedagogia)<\/p>\n\n\n\n<p>Magn\u00f3lia de Ara\u00fajo Muniz (Pedagogia)<\/p>\n\n\n\n<p>Milena Brito Alves (Pedagogia)<\/p>\n\n\n\n<p>Ot\u00e1via Passos Bezerra (Pedagogia)<\/p>\n\n\n\n<p>Tayn\u00e1 Santos Ara\u00fajo Ferreira (Administra\u00e7\u00e3o)<\/p>\n\n\n\n<p>Val\u00e9ria Amorim Torres (Pedagogia)<\/p>\n\n\n\n<p>Zayne Nunes da Silva Lima de Almeida (Pedagogia)<\/p>\n\n\n\n<p><\/p>\n\n\n\n<p><strong>Opini\u00f5es<\/strong><\/p>\n\n\n<div class=\"wp-block-image\">\n<figure class=\"alignleft size-full is-resized\"><img loading=\"lazy\" decoding=\"async\" src=\"https:\/\/www.unifan.edu.br\/unifan\/remanso\/wp-content\/uploads\/sites\/3\/2022\/08\/Cicera-1.jpg\" alt=\"\" class=\"wp-image-471\" width=\"142\" height=\"207\" srcset=\"https:\/\/www.unifan.edu.br\/unifan\/remanso\/wp-content\/uploads\/sites\/3\/2022\/08\/Cicera-1.jpg 336w, https:\/\/www.unifan.edu.br\/unifan\/remanso\/wp-content\/uploads\/sites\/3\/2022\/08\/Cicera-1-207x300.jpg 207w\" sizes=\"auto, (max-width: 142px) 100vw, 142px\" \/><figcaption><em>C\u00edcera de Melo: realiza\u00e7\u00e3o de um sonho<\/em><\/figcaption><\/figure><\/div>\n\n\n<p>Para a acad\u00eamica de Pedagogia C\u00edcera Maria de Melo e Silva participar da publica\u00e7\u00e3o de um artigo em equipe \u00e9 estar sempre em constru\u00e7\u00e3o ao longo da vida.<\/p>\n\n\n\n<p>\u201cRepresentou algo muito importante, pois \u00e9 uma constru\u00e7\u00e3o do conhecimento e a realiza\u00e7\u00e3o de um sonho em est\u00e1 passando para as pessoas parte significativa dos conhecimentos adquiridos\u201d, afirma a discente.<\/p>\n\n\n<div class=\"wp-block-image\">\n<figure class=\"alignright size-full is-resized\"><img loading=\"lazy\" decoding=\"async\" src=\"https:\/\/www.unifan.edu.br\/unifan\/remanso\/wp-content\/uploads\/sites\/3\/2022\/08\/Valeria.jpg\" alt=\"\" class=\"wp-image-472\" width=\"148\" height=\"200\" srcset=\"https:\/\/www.unifan.edu.br\/unifan\/remanso\/wp-content\/uploads\/sites\/3\/2022\/08\/Valeria.jpg 378w, https:\/\/www.unifan.edu.br\/unifan\/remanso\/wp-content\/uploads\/sites\/3\/2022\/08\/Valeria-222x300.jpg 222w\" sizes=\"auto, (max-width: 148px) 100vw, 148px\" \/><figcaption><em>Val\u00e9ria Amorim: desafio e satisfa\u00e7\u00e3o<\/em><\/figcaption><\/figure><\/div>\n\n\n<p>Val\u00e9ria Amorim Torres tamb\u00e9m cursa Pedagogia na Faculdade Alfredo Nasser de Remanso e ao comentar sobre a experi\u00eancia de ter apresentado dois artigos que comp\u00f5em o Ebook, disse ser imensur\u00e1vel descrever em palavras o desafio e ao mesmo tempo a satisfa\u00e7\u00e3o vivenciada durante essa experi\u00eancia.<\/p>\n\n\n\n<p>\u201cPosso afirmar que essa experi\u00eancia suscitou a aquisi\u00e7\u00e3o de uma bagagem mais s\u00f3lida de embasamento te\u00f3rico para a constru\u00e7\u00e3o dos trabalhos evidenciados e pertencentes \u00e0 minha realidade enquanto acad\u00eamica\u201d, disse a acad\u00eamica Val\u00e9ria Torres.<\/p>\n\n\n\n<p>\u201cFicou n\u00edtido que as produ\u00e7\u00f5es foram e s\u00e3o relevantes para os acad\u00eamicos e para a sociedade, uma vez que proporcionou a eles o aprofundamento de suas leituras em rela\u00e7\u00e3o ao tema escolhido para a produ\u00e7\u00e3o dos artigos, possibilitando um mergulho mais aprofundado em rela\u00e7\u00e3o \u00e0 pesquisa, demandando um estudo mais refinado e dedicado. A produ\u00e7\u00e3o proporcionou o conhecimento de novas descobertas, servindo de inspira\u00e7\u00e3o para aqueles que forem ler\u201d, finaliza a professora Sileide Mendes.<\/p>\n\n\n\n<p><\/p>\n","protected":false},"excerpt":{"rendered":"<p>Durante o primeiro semestre de 2022 alunos dos cursos de Ci\u00eancias Cont\u00e1beis, Pedagogia e Administra\u00e7\u00e3o da Faculdade Alfredo Nasser \u2013 Remanso trabalharam na elabora\u00e7\u00e3o de&hellip;<\/p>\n","protected":false},"author":5,"featured_media":474,"comment_status":"closed","ping_status":"closed","sticky":false,"template":"","format":"standard","meta":{"_acf_changed":false,"footnotes":""},"categories":[1],"tags":[],"class_list":["post-469","post","type-post","status-publish","format-standard","has-post-thumbnail","hentry","category-sem-categoria"],"acf":[],"_links":{"self":[{"href":"https:\/\/www.unifan.edu.br\/unifan\/remanso\/wp-json\/wp\/v2\/posts\/469","targetHints":{"allow":["GET"]}}],"collection":[{"href":"https:\/\/www.unifan.edu.br\/unifan\/remanso\/wp-json\/wp\/v2\/posts"}],"about":[{"href":"https:\/\/www.unifan.edu.br\/unifan\/remanso\/wp-json\/wp\/v2\/types\/post"}],"author":[{"embeddable":true,"href":"https:\/\/www.unifan.edu.br\/unifan\/remanso\/wp-json\/wp\/v2\/users\/5"}],"replies":[{"embeddable":true,"href":"https:\/\/www.unifan.edu.br\/unifan\/remanso\/wp-json\/wp\/v2\/comments?post=469"}],"version-history":[{"count":3,"href":"https:\/\/www.unifan.edu.br\/unifan\/remanso\/wp-json\/wp\/v2\/posts\/469\/revisions"}],"predecessor-version":[{"id":477,"href":"https:\/\/www.unifan.edu.br\/unifan\/remanso\/wp-json\/wp\/v2\/posts\/469\/revisions\/477"}],"wp:featuredmedia":[{"embeddable":true,"href":"https:\/\/www.unifan.edu.br\/unifan\/remanso\/wp-json\/wp\/v2\/media\/474"}],"wp:attachment":[{"href":"https:\/\/www.unifan.edu.br\/unifan\/remanso\/wp-json\/wp\/v2\/media?parent=469"}],"wp:term":[{"taxonomy":"category","embeddable":true,"href":"https:\/\/www.unifan.edu.br\/unifan\/remanso\/wp-json\/wp\/v2\/categories?post=469"},{"taxonomy":"post_tag","embeddable":true,"href":"https:\/\/www.unifan.edu.br\/unifan\/remanso\/wp-json\/wp\/v2\/tags?post=469"}],"curies":[{"name":"wp","href":"https:\/\/api.w.org\/{rel}","templated":true}]}}